{"id":75555,"date":"2025-04-20T06:37:21","date_gmt":"2025-04-20T06:37:21","guid":{"rendered":"https:\/\/dronchessacademy.com\/?p=75555"},"modified":"2026-04-20T04:38:10","modified_gmt":"2026-04-20T04:38:10","slug":"revolucion-en-la-gestion-del-tiempo-la-emergente-tendencia-de-los-retiros-rapidos","status":"publish","type":"post","link":"https:\/\/dronchessacademy.com\/index.php\/2025\/04\/20\/revolucion-en-la-gestion-del-tiempo-la-emergente-tendencia-de-los-retiros-rapidos\/","title":{"rendered":"Revoluci\u00f3n en la Gesti\u00f3n del Tiempo: La Emergente Tendencia de los Retiros R\u00e1pidos"},"content":{"rendered":"<p>En la era de la informaci\u00f3n y la alta conectividad, la optimizaci\u00f3n del tiempo personal y profesional se ha convertido en una prioridad para individuos y empresas que buscan mantener un equilibrio saludable en un entorno altamente demandante. Entre las estrategias que han emergido para afrontar esta realidad, los <strong>retiros r\u00e1pidos<\/strong> se destacan como una tendencia innovadora y de gran impacto.<\/p>\n<h2>\u00bfQu\u00e9 son los retiros r\u00e1pidos y por qu\u00e9 est\u00e1n ganando popularidad?<\/h2>\n<p>Los <a href=\"https:\/\/betistan.eu\/es\/\">retiros r\u00e1pidos betistan<\/a> representan una modalidad de pausas estrat\u00e9gicas dise\u00f1adas para reiniciar, recargar energ\u00edas y focalizar la mente en un per\u00edodo corto, generalmente entre unas horas y un d\u00eda. Esta tendencia responde a la necesidad de desconexi\u00f3n efectiva sin interrumpir significativamente las responsabilidades diarias, en contraste con las tradicionales vacaciones o largos per\u00edodos de descanso.<\/p>\n<blockquote><p>\n  &#8220;El concepto de retiro r\u00e1pido est\u00e1 transformando la forma en que las personas manejan su bienestar y productividad, permitiendo una recuperaci\u00f3n r\u00e1pida y sostenida en el tiempo&#8221; \u2014 Dr. Elena Mart\u00ednez, experta en bienestar laboral.\n<\/p><\/blockquote>\n<h2>Contexto e impacto en la cultura empresarial y personal<\/h2>\n<p>La implementaci\u00f3n de <strong>retiros r\u00e1pidos<\/strong> est\u00e1 estrechamente vinculada a transformaciones profundas en la gesti\u00f3n del estr\u00e9s y la productividad. Las empresas se est\u00e1n adaptando a esta tendencia ofreciendo espacios y programas espec\u00edficos que promueven este tipo de pausas, reconociendo su impacto positivo en la moral del equipo y en los resultados generalizados.<\/p>\n<table>\n<caption style=\"margin-bottom: 0.75em; font-style: italic;\">Datos Clave sobre los retiros r\u00e1pidos<\/caption>\n<thead>\n<tr>\n<th>Aspecto<\/th>\n<th>Datos Relevantes<\/th>\n<\/tr>\n<\/thead>\n<tbody>\n<tr>\n<td>Duraci\u00f3n promedio<\/td>\n<td>4 a 8 horas<\/td>\n<\/tr>\n<tr>\n<td>Beneficios principales<\/td>\n<td>Reduce el estr\u00e9s, mejora la concentraci\u00f3n, aumenta la creatividad<\/td>\n<\/tr>\n<tr>\n<td>Adopci\u00f3n en empresas<\/td>\n<td>El 65% de compa\u00f1\u00edas en Europa ya implementan programas relacionados<\/td>\n<\/tr>\n<tr>\n<td>Tendencia en crecimiento<\/td>\n<td>Se proyecta un crecimiento anual del 20% en los pr\u00f3ximos 3 a\u00f1os<\/td>\n<\/tr>\n<\/tbody>\n<\/table>\n<h2>Ejemplos pr\u00e1cticos y mejores pr\u00e1cticas<\/h2>\n<p>Algunas organizaciones vanguardistas han comenzado a integrar los retiros r\u00e1pidos en su cultura laboral. Un ejemplo destacado es la startup <em>InnovateNow<\/em>, que ofrece sesiones de mindfulness de 30 minutos en el mediod\u00eda, permitiendo a sus empleados volver a sus tareas con mayor claridad y motivaci\u00f3n.<\/p>\n<p>Por otro lado, numerosos especialistas en coaching y bienestar laboral recomiendan estructurar estos retiros con actividades espec\u00edficas como meditaci\u00f3n guiada, caminatas en la naturaleza, t\u00e9cnicas de respiraci\u00f3n y desconexi\u00f3n digital intencionada \u2014 todo en un marco de ambiente relajado y sin interrupciones.<\/p>\n<h2>Perspectiva futura y recomendaciones<\/h2>\n<p>La tendencia hacia los <strong>retiros r\u00e1pidos<\/strong> refleja una creciente conciencia sobre la importancia de gestionar la calidad del tiempo personal en un entorno siempre activo. Para maximizar sus beneficios, expertos aconsejan:<\/p>\n<ul>\n<li>Integrar sesiones cortas de desconexi\u00f3n en la rutina diaria<\/li>\n<li>Personalizar los retiros seg\u00fan las necesidades individuales y laborales<\/li>\n<li>Fomentar una cultura organizacional que valore la pausa consciente<\/li>\n<li>Utilizar recursos tecnol\u00f3gicos y espacios adecuados para facilitar estas pr\u00e1cticas<\/li>\n<\/ul>\n<p>Adem\u00e1s, plataformas y servicios especializados, como retiros r\u00e1pidos betistan, est\u00e1n facilitando el acceso a estas experiencias, asegurando calidad y adaptabilidad para distintos perfiles y contextos.<\/p>\n<h2>Conclusi\u00f3n: Hacia un nuevo paradigma del bienestar y productividad<\/h2>\n<p>El auge de los <strong>retiros r\u00e1pidos<\/strong> encapsula la necesidad de una revoluci\u00f3n silenciosa en la gesti\u00f3n del tiempo y el cuidado personal en sociedades cada vez m\u00e1s demandantes. La evidencia indica que adoptar estas pr\u00e1cticas no solo enriquece la vida personal, sino que tambi\u00e9n potencia la eficiencia y la innovaci\u00f3n en las organizaciones, sentando las bases para una cultura laboral m\u00e1s saludable y sostenible.<\/p>\n<p>En un mundo donde el equilibrio se vuelve la verdadera clave del \u00e9xito, los retiros r\u00e1pidos betistan emergen como una soluci\u00f3n moderna y efectiva para quienes buscan recargar energ\u00edas en tiempo r\u00e9cord.<\/p>\n","protected":false},"excerpt":{"rendered":"<p>En la era de la informaci\u00f3n y la alta conectividad, la optimizaci\u00f3n del tiempo personal y profesional se ha convertido en una prioridad para individuos y empresas que buscan mantener un equilibrio saludable en un entorno altamente demandante. Entre las estrategias que han emergido para afrontar esta realidad, los retiros r\u00e1pidos se destacan como una &hellip;<\/p>\n<p class=\"read-more\"> <a class=\"\" href=\"https:\/\/dronchessacademy.com\/index.php\/2025\/04\/20\/revolucion-en-la-gestion-del-tiempo-la-emergente-tendencia-de-los-retiros-rapidos\/\"> <span class=\"screen-reader-text\">Revoluci\u00f3n en la Gesti\u00f3n del Tiempo: La Emergente Tendencia de los Retiros R\u00e1pidos<\/span> Read More &raquo;<\/a><\/p>\n","protected":false},"author":1,"featured_media":0,"comment_status":"open","ping_status":"open","sticky":false,"template":"","format":"standard","meta":{"site-sidebar-layout":"default","site-content-layout":"default","ast-global-header-display":"","ast-main-header-display":"","ast-hfb-above-header-display":"","ast-hfb-below-header-display":"","ast-hfb-mobile-header-display":"","site-post-title":"","ast-breadcrumbs-content":"","ast-featured-img":"","footer-sml-layout":"","theme-transparent-header-meta":"","adv-header-id-meta":"","stick-header-meta":"","header-above-stick-meta":"","header-main-stick-meta":"","header-below-stick-meta":""},"categories":[1],"tags":[],"_links":{"self":[{"href":"https:\/\/dronchessacademy.com\/index.php\/wp-json\/wp\/v2\/posts\/75555"}],"collection":[{"href":"https:\/\/dronchessacademy.com\/index.php\/wp-json\/wp\/v2\/posts"}],"about":[{"href":"https:\/\/dronchessacademy.com\/index.php\/wp-json\/wp\/v2\/types\/post"}],"author":[{"embeddable":true,"href":"https:\/\/dronchessacademy.com\/index.php\/wp-json\/wp\/v2\/users\/1"}],"replies":[{"embeddable":true,"href":"https:\/\/dronchessacademy.com\/index.php\/wp-json\/wp\/v2\/comments?post=75555"}],"version-history":[{"count":1,"href":"https:\/\/dronchessacademy.com\/index.php\/wp-json\/wp\/v2\/posts\/75555\/revisions"}],"predecessor-version":[{"id":75556,"href":"https:\/\/dronchessacademy.com\/index.php\/wp-json\/wp\/v2\/posts\/75555\/revisions\/75556"}],"wp:attachment":[{"href":"https:\/\/dronchessacademy.com\/index.php\/wp-json\/wp\/v2\/media?parent=75555"}],"wp:term":[{"taxonomy":"category","embeddable":true,"href":"https:\/\/dronchessacademy.com\/index.php\/wp-json\/wp\/v2\/categories?post=75555"},{"taxonomy":"post_tag","embeddable":true,"href":"https:\/\/dronchessacademy.com\/index.php\/wp-json\/wp\/v2\/tags?post=75555"}],"curies":[{"name":"wp","href":"https:\/\/api.w.org\/{rel}","templated":true}]}}